{"id":1813,"date":"2024-09-12T21:19:58","date_gmt":"2024-09-12T19:19:58","guid":{"rendered":"http:\/\/www.ufukboy.com\/?p=1813"},"modified":"2024-09-12T21:29:00","modified_gmt":"2024-09-12T19:29:00","slug":"exhibition-fly-inwards-fly-homewards","status":"publish","type":"post","link":"http:\/\/www.ufukboy.com\/index.php\/2024\/09\/12\/exhibition-fly-inwards-fly-homewards\/","title":{"rendered":"Exhibition : Fly inwards fly homewards"},"content":{"rendered":"\n<p>UFUK BOY&nbsp;&nbsp;&nbsp;&nbsp; DO\u011eU \u00c7ANKAYA<\/p>\n\n\n\n<p><em>fly inwards fly homewards<\/em><\/p>\n\n\n\n<p>a cura di Ipek \u00c7ankaya<\/p>\n\n\n\n<p><strong>Inaugurazione 13 luglio 2024 ore 19,00<\/strong><\/p>\n\n\n\n<p>13 luglio \u2013 7 agosto 2024<\/p>\n\n\n\n<figure class=\"wp-block-image size-medium is-resized\"><a href=\"http:\/\/www.ufukboy.com\/wp-content\/uploads\/2024\/09\/header-FB-scaled.jpg\"><img loading=\"lazy\" src=\"http:\/\/www.ufukboy.com\/wp-content\/uploads\/2024\/09\/header-FB-300x158.jpg\" alt=\"\" class=\"wp-image-1824\" width=\"390\" height=\"205\" srcset=\"http:\/\/www.ufukboy.com\/wp-content\/uploads\/2024\/09\/header-FB-300x158.jpg 300w, http:\/\/www.ufukboy.com\/wp-content\/uploads\/2024\/09\/header-FB-1024x539.jpg 1024w, http:\/\/www.ufukboy.com\/wp-content\/uploads\/2024\/09\/header-FB-768x404.jpg 768w, http:\/\/www.ufukboy.com\/wp-content\/uploads\/2024\/09\/header-FB-1536x809.jpg 1536w, http:\/\/www.ufukboy.com\/wp-content\/uploads\/2024\/09\/header-FB-2048x1078.jpg 2048w, http:\/\/www.ufukboy.com\/wp-content\/uploads\/2024\/09\/header-FB-600x316.jpg 600w\" sizes=\"(max-width: 390px) 100vw, 390px\" \/><\/a><\/figure>\n\n\n\n<p>Orizzonti Arte Contemporanea\u2028<\/p>\n\n\n\n<p>Piazzetta Cattedrale, Centro Storico, Ostuni<\/p>\n\n\n\n<p>La Galleria Orizzonti Arte Contemporanea di Ostuni inaugura, <strong>sabato 13 luglio 2024 alle ore 19.00,<\/strong> all\u2019interno della project room, la bipersonale degli artisti turchi <strong>Ufuk Boy <\/strong>e<strong> Do\u011fu \u00c7ankaya<\/strong>,dal titolo <em>fly inwards fly homewards<\/em>, a cura di Ipek \u00c7ankaya.<\/p>\n\n\n\n<p>L&#8217;approccio curatoriale della mostra pone in evidenza la profonda introspezione degli artisti coinvolti necessaria per riflettere sulla questione casa\/patria, il continuo dilemma dei nostri tempi. Questo approccio \u00e8 un invito a esplorare i percorsi reali, emotivi e psicologici che conducono verso casa, con le riflessioni sull\u2019esperienza in luoghi diversi a breve o lungo termine e la compagnia che favorisce questo viaggio.<\/p>\n\n\n\n<p>La nostra epoca contemporanea \u00e8 caratterizzata da diverse modalit\u00e0 di cambiamento dei luoghi dove vivere e da sfide per raggiungere questi nuovi luoghi in cui le persone stabiliscono la propria casa. Alcuni viaggi nascono da crisi, altri dalla ricerca deliberata dell&#8217;individuo.<\/p>\n\n\n\n<figure class=\"wp-block-image size-medium\"><a href=\"http:\/\/www.ufukboy.com\/wp-content\/uploads\/2024\/09\/IMG-20240715-WA0003.jpg\"><img loading=\"lazy\" width=\"300\" height=\"300\" src=\"http:\/\/www.ufukboy.com\/wp-content\/uploads\/2024\/09\/IMG-20240715-WA0003-300x300.jpg\" alt=\"\" class=\"wp-image-1816\" srcset=\"http:\/\/www.ufukboy.com\/wp-content\/uploads\/2024\/09\/IMG-20240715-WA0003-300x300.jpg 300w, http:\/\/www.ufukboy.com\/wp-content\/uploads\/2024\/09\/IMG-20240715-WA0003-1024x1024.jpg 1024w, http:\/\/www.ufukboy.com\/wp-content\/uploads\/2024\/09\/IMG-20240715-WA0003-150x150.jpg 150w, http:\/\/www.ufukboy.com\/wp-content\/uploads\/2024\/09\/IMG-20240715-WA0003-768x768.jpg 768w, http:\/\/www.ufukboy.com\/wp-content\/uploads\/2024\/09\/IMG-20240715-WA0003-600x600.jpg 600w, http:\/\/www.ufukboy.com\/wp-content\/uploads\/2024\/09\/IMG-20240715-WA0003-100x100.jpg 100w, http:\/\/www.ufukboy.com\/wp-content\/uploads\/2024\/09\/IMG-20240715-WA0003.jpg 1080w\" sizes=\"(max-width: 300px) 100vw, 300px\" \/><\/a><\/figure>\n\n\n\n<p>L&#8217;indagine curatoriale della mostra \u00e8 interessata alla rappresentazione poetica di situazioni di potenziale crisi, concentrandosi sull&#8217;elemento umano piuttosto che sulle teorie politiche a proposito di migrazione. Inoltre esplora la rappresentazione visiva del senso di libert\u00e0 e della speranza per una vita migliore in un posto nuovo. Infatti si concentra sull&#8217;espressione attraverso la pittura e la scultura di ci\u00f2 di cui le persone hanno bisogno personalmente e culturalmente nelle loro relazioni con l&#8217;ambiente, per questo gli artisti ci mostrano quello che sta a loro pi\u00f9 a cuore e ci\u00f2 di cui hanno pi\u00f9 bisogno nella vita: di libert\u00e0, di serenit\u00e0, di amicizia, di uno spazio fisico&#8230;<\/p>\n\n\n\n<figure class=\"wp-block-image size-medium is-resized\"><a href=\"http:\/\/www.ufukboy.com\/wp-content\/uploads\/2024\/09\/IMG-20240715-WA0001.jpg\"><img loading=\"lazy\" src=\"http:\/\/www.ufukboy.com\/wp-content\/uploads\/2024\/09\/IMG-20240715-WA0001-300x300.jpg\" alt=\"\" class=\"wp-image-1815\" width=\"271\" height=\"271\" srcset=\"http:\/\/www.ufukboy.com\/wp-content\/uploads\/2024\/09\/IMG-20240715-WA0001-300x300.jpg 300w, http:\/\/www.ufukboy.com\/wp-content\/uploads\/2024\/09\/IMG-20240715-WA0001-1024x1024.jpg 1024w, http:\/\/www.ufukboy.com\/wp-content\/uploads\/2024\/09\/IMG-20240715-WA0001-150x150.jpg 150w, http:\/\/www.ufukboy.com\/wp-content\/uploads\/2024\/09\/IMG-20240715-WA0001-768x768.jpg 768w, http:\/\/www.ufukboy.com\/wp-content\/uploads\/2024\/09\/IMG-20240715-WA0001-600x600.jpg 600w, http:\/\/www.ufukboy.com\/wp-content\/uploads\/2024\/09\/IMG-20240715-WA0001-100x100.jpg 100w, http:\/\/www.ufukboy.com\/wp-content\/uploads\/2024\/09\/IMG-20240715-WA0001.jpg 1080w\" sizes=\"(max-width: 271px) 100vw, 271px\" \/><\/a><\/figure>\n\n\n\n<p>La mostra si concentra anche sull\u2019importanza di avere il sostegno della comunit\u00e0 in cui si vive. Tutti insieme, questi fattori contribuiscono a far s\u00ec che una persona trovi la strada verso casa oppure un nuovo posto dove si sentir\u00e0 accolta come se fosse a casa. Le parole chiave di questa mostra infatti sono: imparare a volare, senso di libert\u00e0, strade da percorrere, viaggiatore, migrante, stare a casa, stare all&#8217;estero e compagnia; mentre le sensazioni che pi\u00f9 mette in luce sono i sentimenti umani fondamentali come il desiderio, la speranza, la curiosit\u00e0, la preoccupazione, il dolore e la solidariet\u00e0 che rimangono gli stessi indipendentemente dal tempo o dalla geografia.<\/p>\n\n\n\n<p>Ipek \u00c7ankaya<\/p>\n\n\n\n<p>UFUK BOY&nbsp;&nbsp;&nbsp;&nbsp; DO\u011eU \u00c7ANKAYA<\/p>\n\n\n\n<p><em>fly inwards fly homewards<\/em><\/p>\n\n\n\n<p>a cura di Ipek \u00c7ankaya<\/p>\n\n\n\n<p><strong>Inaugurazione 13 luglio 2024 ore 19,00<\/strong>\u2028<\/p>\n\n\n\n<p>Dal 13 luglio al 7 agosto 2024<\/p>\n","protected":false},"excerpt":{"rendered":"<p>UFUK BOY&nbsp;&nbsp;&nbsp;&nbsp; DO\u011eU \u00c7ANKAYA fly inwards fly homewards a cura di Ipek \u00c7ankaya Inaugurazione 13 luglio 2024 ore 19,00 13 luglio \u2013 7 agosto 2024 Orizzonti Arte Contemporanea\u2028 Piazzetta Cattedrale, Centro Storico, Ostuni La Galleria Orizzonti Arte Contemporanea di Ostuni inaugura, sabato 13 luglio 2024 alle ore 19.00, all\u2019interno della project room, la bipersonale degli artisti turchi Ufuk Boy e Do\u011fu \u00c7ankaya,dal titolo fly inwards fly homewards, a cura di Ipek \u00c7ankaya. L&#8217;approccio curatoriale della mostra pone in evidenza la profonda introspezione degli artisti coinvolti necessaria per riflettere sulla questione casa\/patria, il continuo dilemma dei nostri tempi. Questo approccio \u00e8 un invito a esplorare i percorsi reali, emotivi e psicologici che conducono verso casa, con le riflessioni sull\u2019esperienza in luoghi diversi a breve o lungo termine e la compagnia che favorisce questo viaggio. La nostra epoca contemporanea \u00e8 caratterizzata da diverse modalit\u00e0 di cambiamento dei luoghi dove vivere e da sfide per raggiungere questi nuovi luoghi in cui le persone stabiliscono la propria casa. Alcuni viaggi nascono da crisi, altri dalla ricerca deliberata dell&#8217;individuo. L&#8217;indagine curatoriale della mostra \u00e8 interessata alla rappresentazione poetica di situazioni di potenziale crisi, concentrandosi sull&#8217;elemento umano piuttosto che sulle teorie politiche a proposito di migrazione. [&hellip;]<\/p>\n","protected":false},"author":1,"featured_media":0,"comment_status":"open","ping_status":"open","sticky":false,"template":"","format":"standard","meta":{"_s2mail":""},"categories":[1],"tags":[],"_links":{"self":[{"href":"http:\/\/www.ufukboy.com\/index.php\/wp-json\/wp\/v2\/posts\/1813"}],"collection":[{"href":"http:\/\/www.ufukboy.com\/index.php\/wp-json\/wp\/v2\/posts"}],"about":[{"href":"http:\/\/www.ufukboy.com\/index.php\/wp-json\/wp\/v2\/types\/post"}],"author":[{"embeddable":true,"href":"http:\/\/www.ufukboy.com\/index.php\/wp-json\/wp\/v2\/users\/1"}],"replies":[{"embeddable":true,"href":"http:\/\/www.ufukboy.com\/index.php\/wp-json\/wp\/v2\/comments?post=1813"}],"version-history":[{"count":2,"href":"http:\/\/www.ufukboy.com\/index.php\/wp-json\/wp\/v2\/posts\/1813\/revisions"}],"predecessor-version":[{"id":1825,"href":"http:\/\/www.ufukboy.com\/index.php\/wp-json\/wp\/v2\/posts\/1813\/revisions\/1825"}],"wp:attachment":[{"href":"http:\/\/www.ufukboy.com\/index.php\/wp-json\/wp\/v2\/media?parent=1813"}],"wp:term":[{"taxonomy":"category","embeddable":true,"href":"http:\/\/www.ufukboy.com\/index.php\/wp-json\/wp\/v2\/categories?post=1813"},{"taxonomy":"post_tag","embeddable":true,"href":"http:\/\/www.ufukboy.com\/index.php\/wp-json\/wp\/v2\/tags?post=1813"}],"curies":[{"name":"wp","href":"https:\/\/api.w.org\/{rel}","templated":true}]}}